[{"@context":"https:\/\/schema.org\/","@type":"Article","@id":"https:\/\/www.eyha.cz\/porucime-vetru-desti\/#Article","mainEntityOfPage":"https:\/\/www.eyha.cz\/porucime-vetru-desti\/","headline":"Poru\u010d\u00edme v\u011btru de\u0161ti","name":"Poru\u010d\u00edme v\u011btru de\u0161ti","description":"Kupte si venkovn\u00ed \u017ealuzie u na\u0161\u00ed firmy a \u010dek\u00e1 V\u00e1s nekone\u010dn\u00e9 mno\u017estv\u00ed funkc\u00ed a v\u00fdhod, kter\u00e9 V\u00e1m nedaj\u00ed sp\u00e1t. Nejen\u017ee na\u0161e produkty skv\u011ble vypadaj\u00ed, ale jsou tak\u00e9 velmi praktick\u00e9. Jsou vhodn\u00e9 do l\u00e9ta i do zimy, proto\u017ee se sv\u00fdm materi\u00e1lem hod\u00ed do ka\u017ed\u00e9ho po\u010das\u00ed. Pokud se V\u00e1m jakkoliv porouchaj\u00ed, nev\u00e1hejte a obra\u0165te se na n\u00e1s, &hellip; <a href=\"https:\/\/www.eyha.cz\/porucime-vetru-desti\/\" class=\"more-link\">Continue reading <span class=\"screen-reader-text\">Poru\u010d\u00edme v\u011btru de\u0161ti<\/span><\/a>","datePublished":"2024-10-28","dateModified":"2024-10-28","author":{"@type":"Person","@id":"https:\/\/www.eyha.cz\/author\/#Person","name":"","url":"https:\/\/www.eyha.cz\/author\/","identifier":1,"image":{"@type":"ImageObject","@id":"https:\/\/secure.gravatar.com\/avatar\/4a71ad3e3da672fdab00dac6e0f7e744f8cb217202b101d0ffab0cf07645e95c?s=96&d=mm&r=g","url":"https:\/\/secure.gravatar.com\/avatar\/4a71ad3e3da672fdab00dac6e0f7e744f8cb217202b101d0ffab0cf07645e95c?s=96&d=mm&r=g","height":96,"width":96}},"publisher":{"@type":"Organization","name":"eyha.cz","logo":{"@type":"ImageObject","@id":"\/logo.png","url":"\/logo.png","width":600,"height":60}},"url":"https:\/\/www.eyha.cz\/porucime-vetru-desti\/","wordCount":173,"articleBody":"Kupte si venkovn\u00ed \u017ealuzie u na\u0161\u00ed firmy a \u010dek\u00e1 V\u00e1s nekone\u010dn\u00e9 mno\u017estv\u00ed funkc\u00ed a v\u00fdhod, kter\u00e9 V\u00e1m nedaj\u00ed sp\u00e1t. Nejen\u017ee na\u0161e produkty skv\u011ble vypadaj\u00ed, ale jsou tak\u00e9 velmi praktick\u00e9. Jsou vhodn\u00e9 do l\u00e9ta i do zimy, proto\u017ee se sv\u00fdm materi\u00e1lem hod\u00ed do ka\u017ed\u00e9ho po\u010das\u00ed. Pokud se V\u00e1m jakkoliv porouchaj\u00ed, nev\u00e1hejte a obra\u0165te se na n\u00e1s, my V\u00e1m od probl\u00e9mu v\u017edy s radost\u00ed pom\u016f\u017eeme.\tVyberte si vlastn\u00ed rozm\u011bryNa\u0161e firma chce b\u00fdt tou nejlep\u0161\u00ed na \u010desk\u00e9m trhu, proto m\u00e1me pro na\u0161e z\u00e1kazn\u00edky jedine\u010dnou mo\u017enost si vybrat mezi velk\u00fdm mno\u017estv\u00ed rozm\u011br\u016f \u017ealuzi\u00ed tak, aby p\u0159esn\u011b pasovaly do oken. Kvalitn\u00ed materi\u00e1l d\u00e1le zaru\u010duje dlouhou \u017eivotnost a n\u00edzk\u00e1 cena pot\u011b\u0161\u00ed ka\u017ed\u00e9ho z\u00e1kazn\u00edka. Ud\u011blejte si radost a zkr\u00e1\u0161lete sv\u00e9 obydl\u00ed s na\u0161imi v\u00fdrobky, budete nad\u0161eni.                                                                                                                                                                                                                                                                                                                                                                                        3.7\/5 - (7 votes)        "},{"@context":"https:\/\/schema.org\/","@type":"BreadcrumbList","itemListElement":[{"@type":"ListItem","position":1,"name":"Poru\u010d\u00edme v\u011btru de\u0161ti","item":"https:\/\/www.eyha.cz\/porucime-vetru-desti\/#breadcrumbitem"}]}]