[{"@context":"https:\/\/schema.org\/","@type":"Article","@id":"https:\/\/www.eyha.cz\/pohlceni-uv-zareni\/#Article","mainEntityOfPage":"https:\/\/www.eyha.cz\/pohlceni-uv-zareni\/","headline":"Pohlcen\u00ed UV z\u00e1\u0159en\u00ed","name":"Pohlcen\u00ed UV z\u00e1\u0159en\u00ed","description":"Extr\u00e9mn\u00ed pevnost Jezd\u00edte \u010dasto sv\u00fdm vozem, kter\u00fd nem\u00e1 klimatizaci? P\u0159em\u00fd\u0161l\u00edte, jak si j\u00edzdu zp\u0159\u00edjemnit? Jsme tu pro V\u00e1s s na\u0161\u00ed nab\u00eddkou autof\u00f3lie. Jsme firma s mnohalet\u00fdmi zku\u0161enostmi, jak s bezpe\u010dnostn\u00edmi, tak i protislune\u010dn\u00edmi foliemi. Zrychlen\u00ed vyt\u00e1p\u011bn\u00ed v zim\u011b Pokud na sklech auta m\u00e1te star\u00e9 a nevyhovuj\u00edc\u00ed folie, p\u0159ije\u010fte se sv\u00fdm vozem k n\u00e1m. Star\u00e9 f\u00f3lie &hellip; <a href=\"https:\/\/www.eyha.cz\/pohlceni-uv-zareni\/\" class=\"more-link\">Continue reading <span class=\"screen-reader-text\">Pohlcen\u00ed UV z\u00e1\u0159en\u00ed<\/span><\/a>","datePublished":"2025-02-26","dateModified":"2025-02-26","author":{"@type":"Person","@id":"https:\/\/www.eyha.cz\/author\/#Person","name":"","url":"https:\/\/www.eyha.cz\/author\/","identifier":1,"image":{"@type":"ImageObject","@id":"https:\/\/secure.gravatar.com\/avatar\/4a71ad3e3da672fdab00dac6e0f7e744f8cb217202b101d0ffab0cf07645e95c?s=96&d=mm&r=g","url":"https:\/\/secure.gravatar.com\/avatar\/4a71ad3e3da672fdab00dac6e0f7e744f8cb217202b101d0ffab0cf07645e95c?s=96&d=mm&r=g","height":96,"width":96}},"publisher":{"@type":"Organization","name":"eyha.cz","logo":{"@type":"ImageObject","@id":"\/logo.png","url":"\/logo.png","width":600,"height":60}},"url":"https:\/\/www.eyha.cz\/pohlceni-uv-zareni\/","wordCount":233,"articleBody":"Extr\u00e9mn\u00ed pevnostJezd\u00edte \u010dasto sv\u00fdm vozem, kter\u00fd nem\u00e1 klimatizaci? P\u0159em\u00fd\u0161l\u00edte, jak si j\u00edzdu zp\u0159\u00edjemnit? Jsme tu pro V\u00e1s s na\u0161\u00ed nab\u00eddkou autof\u00f3lie. Jsme firma s mnohalet\u00fdmi zku\u0161enostmi, jak s bezpe\u010dnostn\u00edmi, tak i protislune\u010dn\u00edmi foliemi.Zrychlen\u00ed vyt\u00e1p\u011bn\u00ed v zim\u011bPokud na sklech auta m\u00e1te star\u00e9 a nevyhovuj\u00edc\u00ed folie, p\u0159ije\u010fte se sv\u00fdm vozem k n\u00e1m. Star\u00e9 f\u00f3lie odborn\u011b vynd\u00e1me a nov\u00e9 V\u00e1m instalujeme. Z\u00e1rove\u0148 zm\u011b\u0159\u00edme zatemn\u011bn\u00ed p\u0159edn\u00edch oken, proto\u017ee tam je ur\u010den\u00e1 vyhl\u00e1\u0161ka propustnosti sv\u011btla. autof\u00f3lie nejen, \u017ee daj\u00ed Va\u0161emu vozu nov\u00fd vzhled. Hlavn\u011b v hork\u00fdch dnech V\u00e1m nebude pra\u017eit slunce dovnit\u0159 vozu, nebude V\u00e1m blednout ani interi\u00e9r. A t\u00edm nejd\u016fle\u017eit\u011bj\u0161\u00edm je, \u017ee se V\u00e1m ve voze sn\u00ed\u017e\u00ed teplota a ji\u017e tam nebude jako v saun\u011b.Dod\u00e1me V\u00e1m osv\u011bd\u010den\u00edTak\u00e9 v zimn\u00edch m\u011bs\u00edc\u00edch maj\u00ed f\u00f3lie sv\u016fj v\u00fdznam. Rychleji rozmrz\u00e1 zadn\u00ed sklo a rychleji se vnit\u0159ek vozu oh\u0159eje. Na n\u00e1mi nab\u00edzen\u00e9 autof\u00f3lie obdr\u017e\u00edte osv\u011bd\u010den\u00ed, kter\u00fdm se prok\u00e1\u017eete p\u0159i kontrole vozidla. Jsme autorizovan\u00ed prodejci a na\u0161e f\u00f3lie maj\u00ed velice dlouhou \u017eivotnost.                                                                                                                                                                                                                                                                                                                                                                                        3\/5 - (1 vote)        "},{"@context":"https:\/\/schema.org\/","@type":"BreadcrumbList","itemListElement":[{"@type":"ListItem","position":1,"name":"Pohlcen\u00ed UV z\u00e1\u0159en\u00ed","item":"https:\/\/www.eyha.cz\/pohlceni-uv-zareni\/#breadcrumbitem"}]}]