[{"@context":"https:\/\/schema.org\/","@type":"Article","@id":"https:\/\/www.eyha.cz\/pekne-zuby\/#Article","mainEntityOfPage":"https:\/\/www.eyha.cz\/pekne-zuby\/","headline":"P\u011bkn\u00e9 zuby","name":"P\u011bkn\u00e9 zuby","description":"Je logick\u00e9, \u017ee ka\u017ed\u00fd \u010dlov\u011bk by si p\u0159\u00e1l m\u00edt opravdu kr\u00e1sn\u00e9 a zdrav\u00e9 zuby, kter\u00e9 jenom m\u016f\u017ee j\u00edt. Jsou tak\u00e9 lid\u00e9, kte\u0159\u00ed mimo zdrav\u00fdch zub\u016f cht\u011bj\u00ed m\u00edt tak\u00e9 sv\u00e9 zuby b\u011blej\u0161\u00ed. A samoz\u0159ejm\u011b, \u017ee jinak to nejde, ne\u017e kdy\u017e budete o sv\u00e9 zuby opravdu pe\u010dovat v takov\u00e9m mno\u017estv\u00ed, jak jen je to mo\u017en\u00e9. Proto jsem &hellip; <a href=\"https:\/\/www.eyha.cz\/pekne-zuby\/\" class=\"more-link\">Continue reading <span class=\"screen-reader-text\">P\u011bkn\u00e9 zuby<\/span><\/a>","datePublished":"2023-08-27","dateModified":"2023-12-20","author":{"@type":"Person","@id":"https:\/\/www.eyha.cz\/author\/#Person","name":"","url":"https:\/\/www.eyha.cz\/author\/","identifier":1,"image":{"@type":"ImageObject","@id":"https:\/\/secure.gravatar.com\/avatar\/4a71ad3e3da672fdab00dac6e0f7e744f8cb217202b101d0ffab0cf07645e95c?s=96&d=mm&r=g","url":"https:\/\/secure.gravatar.com\/avatar\/4a71ad3e3da672fdab00dac6e0f7e744f8cb217202b101d0ffab0cf07645e95c?s=96&d=mm&r=g","height":96,"width":96}},"publisher":{"@type":"Organization","name":"eyha.cz","logo":{"@type":"ImageObject","@id":"\/logo.png","url":"\/logo.png","width":600,"height":60}},"image":{"@type":"ImageObject","@id":"https:\/\/www.eyha.cz\/wp-content\/uploads\/dentistry-668191_1280_1.jpg","url":"https:\/\/www.eyha.cz\/wp-content\/uploads\/dentistry-668191_1280_1.jpg","height":0,"width":0},"url":"https:\/\/www.eyha.cz\/pekne-zuby\/","about":["Podnik\u00e1n\u00ed"],"wordCount":459,"articleBody":"         Je logick\u00e9, \u017ee ka\u017ed\u00fd \u010dlov\u011bk by si p\u0159\u00e1l m\u00edt opravdu kr\u00e1sn\u00e9 a zdrav\u00e9 zuby, kter\u00e9 jenom m\u016f\u017ee j\u00edt. Jsou tak\u00e9 lid\u00e9, kte\u0159\u00ed mimo zdrav\u00fdch zub\u016f cht\u011bj\u00ed m\u00edt tak\u00e9 sv\u00e9 zuby b\u011blej\u0161\u00ed. A samoz\u0159ejm\u011b, \u017ee jinak to nejde, ne\u017e kdy\u017e budete o sv\u00e9 zuby opravdu pe\u010dovat v takov\u00e9m mno\u017estv\u00ed, jak jen je to mo\u017en\u00e9. Proto jsem si \u0159ekla, \u017ee by absolutn\u011b nebylo od v\u011bci, kdyby t\u0159eba \u010dlov\u011bk \u0161el dvakr\u00e1t ro\u010dn\u011b na dokonalou dent\u00e1ln\u00ed hygienu, aby jeho zuby byly opravdu zdrav\u011bj\u0161\u00ed a tak\u00e9 b\u011blej\u0161\u00ed.Proto\u017ee samoz\u0159ejm\u011b pokud v\u00e1m pan\u00ed dent\u00e1ln\u00ed hygienistka va\u0161e zuby obrous\u00ed p\u00edskem, tak je logicky potom m\u00e1te tak\u00e9 o p\u016fl stupn\u011b a nebo o jeden cel\u00fd stupe\u0148 b\u011blej\u0161\u00ed. Nemus\u00edte se b\u00e1t, \u017ee dent\u00e1ln\u00ed hygiena bol\u00ed a nebo v\u00e1m poni\u010d\u00ed zuby. Tohle tedy v\u016fbec ne a nemus\u00edte m\u00edt z toho v\u016fbec \u017e\u00e1dn\u00fd strach. Sp\u00ed\u0161e naopak. Va\u0161e zuby budou \u010dist\u00e9 jako sklo a zbaven\u00e9 v\u0161eho zubn\u00edho plaku a tak\u00e9 zubn\u00edho kamene. A jsou tady ale tak\u00e9 lid\u00e9, kte\u0159\u00ed tou\u017e\u00ed po opravdu b\u00edl\u00fdch zubech. A b\u011blen\u00ed zub\u016f v Praze v\u00e1m doporu\u010duji. Byla jsem v Praze u\u017e byla t\u0159ikr\u00e1t a to pr\u00e1v\u011b na b\u011blen\u00ed zub\u016f a tak\u00e9 kv\u016fli dent\u00e1ln\u00ed hygien\u011b. O sebe hodn\u011b pe\u010duji. Chod\u00edm pravideln\u011b ke kade\u0159nici i ke kosmeti\u010dce a tak\u00e9 na mas\u00e1\u017ee.A v posledn\u00edch deseti letech tak\u00e9 chod\u00edm na V m\u00e9m \u010dl\u00e1nku se mnoho lid\u00ed m\u016f\u017ee dozv\u011bd\u011bt, \u017ee b\u011blen\u00ed zub\u016f v Praze m\u016f\u017ee b\u00fdt opravdu v\u00fdhodn\u00e9 hlavn\u011b pro ty, kte\u0159\u00ed tou\u017e\u00ed po dokonal\u00e9m b\u00edl\u00e9m \u00fasm\u011bvu.. Vy se mo\u017en\u00e1 pt\u00e1te, pro\u010d chod\u00edm zrovna do Prahy. Proto\u017ee s Prahou m\u00e1m opravdu skv\u011bl\u00e9 zku\u0161enosti. Poch\u00e1z\u00ed odtamtud moji prarodi\u010de, tak\u017ee do Prahy jezd\u00edm opravdu moc r\u00e1da a m\u00e1m tam tak\u00e9 svou sest\u0159enici a bratrance, tak\u017ee tam jezd\u00edm tak\u00e9 jakoby za rodinou a na b\u011blen\u00ed zub\u016f. V Praze jsem si to vybrala tak\u00e9 kv\u016fli tomu, \u017ee je to tam lehce dostupn\u00e9 a je to kousek. Vlastn\u011b od moj\u00ed sest\u0159enice, kter\u00e1 mi pr\u00e1v\u011b tohle doporu\u010dila. Sest\u0159enice mi \u0159ekla, \u017ee pr\u00e1v\u011b b\u011blen\u00ed zub\u016f v Praze j\u00ed vyjde opravdu finan\u010dn\u011b nejv\u00edce v\u00fdhodn\u011b. A mysl\u00edm si, \u017ee pokud tohle \u0159ekne moje sest\u0159enice, kter\u00e1 s t\u00edm m\u00e1 u\u017e zku\u0161enosti, tak v\u016fbec nev\u00e1h\u00e1m jdu do toho.                                                                                                                                                                                                                                                                                                                                                                                           4.7\/5 - (6 votes)        "},{"@context":"https:\/\/schema.org\/","@type":"BreadcrumbList","itemListElement":[{"@type":"ListItem","position":1,"name":"P\u011bkn\u00e9 zuby","item":"https:\/\/www.eyha.cz\/pekne-zuby\/#breadcrumbitem"}]}]