[{"@context":"https:\/\/schema.org\/","@type":"Article","@id":"https:\/\/www.eyha.cz\/oslnujici-tema-pro-vsechny-motoristy\/#Article","mainEntityOfPage":"https:\/\/www.eyha.cz\/oslnujici-tema-pro-vsechny-motoristy\/","headline":"Osl\u0148uj\u00edc\u00ed t\u00e9ma pro v\u0161echny motoristy","name":"Osl\u0148uj\u00edc\u00ed t\u00e9ma pro v\u0161echny motoristy","description":"To je bezesporu t\u00f3nov\u00e1n\u00ed autoskel. Jak\u00fd je V\u00e1\u0161 vztah k t\u00e9to modifikaci? Jste p\u0159\u00edznivcem? Nebo jste dosud nem\u011bli p\u0159\u00edle\u017eitost s touto adaptac\u00ed autoskel m\u00edt co do \u010din\u011bn\u00ed? Seznamte se s kvalifikovan\u00fdm servisem specializovan\u00e9 firmy, kterou naleznete v Brn\u011b. D\u00edky exkluzivn\u00edm mont\u00e1\u017en\u00edm prac\u00edm m\u016f\u017eete za\u017e\u00edt velk\u00e9 zm\u011bny, a to s mal\u00fdm omezen\u00edm z hlediska \u010dasu i &hellip; <a href=\"https:\/\/www.eyha.cz\/oslnujici-tema-pro-vsechny-motoristy\/\" class=\"more-link\">Continue reading <span class=\"screen-reader-text\">Osl\u0148uj\u00edc\u00ed t\u00e9ma pro v\u0161echny motoristy<\/span><\/a>","datePublished":"2024-04-08","dateModified":"2024-04-08","author":{"@type":"Person","@id":"https:\/\/www.eyha.cz\/author\/#Person","name":"","url":"https:\/\/www.eyha.cz\/author\/","identifier":1,"image":{"@type":"ImageObject","@id":"https:\/\/secure.gravatar.com\/avatar\/4a71ad3e3da672fdab00dac6e0f7e744f8cb217202b101d0ffab0cf07645e95c?s=96&d=mm&r=g","url":"https:\/\/secure.gravatar.com\/avatar\/4a71ad3e3da672fdab00dac6e0f7e744f8cb217202b101d0ffab0cf07645e95c?s=96&d=mm&r=g","height":96,"width":96}},"publisher":{"@type":"Organization","name":"eyha.cz","logo":{"@type":"ImageObject","@id":"\/logo.png","url":"\/logo.png","width":600,"height":60}},"url":"https:\/\/www.eyha.cz\/oslnujici-tema-pro-vsechny-motoristy\/","wordCount":214,"articleBody":"To je bezesporu t\u00f3nov\u00e1n\u00ed autoskel. Jak\u00fd je V\u00e1\u0161 vztah k t\u00e9to modifikaci? Jste p\u0159\u00edznivcem? Nebo jste dosud nem\u011bli p\u0159\u00edle\u017eitost s touto adaptac\u00ed autoskel m\u00edt co do \u010din\u011bn\u00ed? Seznamte se s kvalifikovan\u00fdm servisem specializovan\u00e9 firmy, kterou naleznete v Brn\u011b. D\u00edky exkluzivn\u00edm mont\u00e1\u017en\u00edm prac\u00edm m\u016f\u017eete za\u017e\u00edt velk\u00e9 zm\u011bny, a to s mal\u00fdm omezen\u00edm z hlediska \u010dasu i financ\u00ed. Autof\u00f3lie Brno pat\u0159\u00ed mezi prvky, bez kter\u00fdch se pro zaru\u010den\u00ed komfortu a bezpe\u010d\u00ed za volantem automobilu i v pozici spolujezdc\u016f neobejdete. Myslete na to a nenechejte \u017ehav\u00fd tip ov\u011b\u0159en\u00e9 brn\u011bnsk\u00e9 d\u00edlny vychladnout.\u017dhnouc\u00ed a osl\u0148uj\u00edc\u00ed slune\u010dn\u00ed paprsky ji\u017e nebudou Va\u0161\u00edm spolujezdcem. Autof\u00f3lie Brno se o to svou p\u0159ilnavost\u00ed a dokonalou protislune\u010dn\u00ed funkc\u00ed postar\u00e1. Bezpe\u010dnost je zaji\u0161\u0165ov\u00e1na tak\u00e9 v souvislosti se soukrom\u00edm a eliminac\u00ed krimin\u00e1ln\u00edch \u010din\u016f, jeliko\u017e p\u0159es zat\u00f3novan\u00e1 autoskla nen\u00ed do vnit\u0159n\u00edho prostoru automobilu vid\u011bt. D\u016fle\u017eitost t\u00f3nov\u00e1n\u00ed se jako z\u00e1chrann\u00fd val projevuje i p\u0159i koliz\u00edch, p\u0159i nich\u017e doch\u00e1z\u00ed k rozpadnut\u00ed sklen\u011bn\u00fdch v\u00fdpln\u00ed na drobn\u00e9 \u00falomky zra\u0148uj\u00edc\u00edho skla.                                                                                                                                                                                                                                                                                                                                                                                        4.9\/5 - (8 votes)        "},{"@context":"https:\/\/schema.org\/","@type":"BreadcrumbList","itemListElement":[{"@type":"ListItem","position":1,"name":"Osl\u0148uj\u00edc\u00ed t\u00e9ma pro v\u0161echny motoristy","item":"https:\/\/www.eyha.cz\/oslnujici-tema-pro-vsechny-motoristy\/#breadcrumbitem"}]}]