[{"@context":"https:\/\/schema.org\/","@type":"Article","@id":"https:\/\/www.eyha.cz\/nabytek-idealni-do-mensich-bytu-a-domku\/#Article","mainEntityOfPage":"https:\/\/www.eyha.cz\/nabytek-idealni-do-mensich-bytu-a-domku\/","headline":"N\u00e1bytek ide\u00e1ln\u00ed do men\u0161\u00edch byt\u016f a domk\u016f","name":"N\u00e1bytek ide\u00e1ln\u00ed do men\u0161\u00edch byt\u016f a domk\u016f","description":"Bydlen\u00ed na relativn\u011b mal\u00e9m prostoru za\u017e\u00edvaj\u00ed v nejen u n\u00e1s skoro a\u017e dv\u011b t\u0159etiny obyvatel. Jakby tak\u00e9 ne, kdy\u017e valn\u00e1 \u010d\u00e1st \u010cech\u016f \u017eije v panelov\u00fdch domech, kter\u00e9 nejsou zn\u00e1m\u00e9 zrovna enormn\u00ed velikost\u00ed sv\u00fdch byt\u016f. Mnohem v\u011bt\u0161\u00ed pot\u00ed\u017ee s nedostatkem obytn\u00e9ho prostoru ale maj\u00ed lid\u00e9, kte\u0159\u00ed bydl\u00ed v mal\u00fdch jednopokojov\u00fdch garsonk\u00e1ch, zvl\u00e1\u0161t\u011b pak, kdy nebydl\u00ed sami, &hellip; <a href=\"https:\/\/www.eyha.cz\/nabytek-idealni-do-mensich-bytu-a-domku\/\" class=\"more-link\">Continue reading <span class=\"screen-reader-text\">N\u00e1bytek ide\u00e1ln\u00ed do men\u0161\u00edch byt\u016f a domk\u016f<\/span><\/a>","datePublished":"2019-06-10","dateModified":"2019-06-10","author":{"@type":"Person","@id":"https:\/\/www.eyha.cz\/author\/#Person","name":"","url":"https:\/\/www.eyha.cz\/author\/","identifier":1,"image":{"@type":"ImageObject","@id":"https:\/\/secure.gravatar.com\/avatar\/4a71ad3e3da672fdab00dac6e0f7e744f8cb217202b101d0ffab0cf07645e95c?s=96&d=mm&r=g","url":"https:\/\/secure.gravatar.com\/avatar\/4a71ad3e3da672fdab00dac6e0f7e744f8cb217202b101d0ffab0cf07645e95c?s=96&d=mm&r=g","height":96,"width":96}},"publisher":{"@type":"Organization","name":"eyha.cz","logo":{"@type":"ImageObject","@id":"\/logo.png","url":"\/logo.png","width":600,"height":60}},"image":{"@type":"ImageObject","@id":"https:\/\/www.eyha.cz\/wp-content\/uploads\/img_a355825_w1702_t1570449033.jpg","url":"https:\/\/www.eyha.cz\/wp-content\/uploads\/img_a355825_w1702_t1570449033.jpg","height":0,"width":0},"url":"https:\/\/www.eyha.cz\/nabytek-idealni-do-mensich-bytu-a-domku\/","about":["Lifestyle"],"wordCount":427,"articleBody":"    Bydlen\u00ed na relativn\u011b mal\u00e9m prostoru za\u017e\u00edvaj\u00ed v nejen u n\u00e1s skoro a\u017e dv\u011b t\u0159etiny obyvatel. Jakby tak\u00e9 ne, kdy\u017e valn\u00e1 \u010d\u00e1st \u010cech\u016f \u017eije v panelov\u00fdch domech, kter\u00e9 nejsou zn\u00e1m\u00e9 zrovna enormn\u00ed velikost\u00ed sv\u00fdch byt\u016f. Mnohem v\u011bt\u0161\u00ed pot\u00ed\u017ee s nedostatkem obytn\u00e9ho prostoru ale maj\u00ed lid\u00e9, kte\u0159\u00ed bydl\u00ed v mal\u00fdch jednopokojov\u00fdch garsonk\u00e1ch, zvl\u00e1\u0161t\u011b pak, kdy nebydl\u00ed sami, ale t\u0159eba v p\u00e1ru \u010di dokonce s d\u00edt\u011btem. V takov\u00e9m p\u0159\u00edpad\u011b je nejlep\u0161\u00edm \u0159e\u0161en\u00edm se co nejrychleji p\u0159est\u011bhovat do v\u011bt\u0161\u00edho, ov\u0161em ne v\u017edy je to provediteln\u00e9. Co d\u011blat pak? Byt nafouknout samoz\u0159ejm\u011b nejde, ale d\u00e1 se vybavit tak, aby v n\u011bm bylo p\u0159eci jen o trochu m\u00edsta v\u00edce. Chce to jen ten spr\u00e1vn\u00fd n\u00e1bytek. Jsou ve st\u011bn\u00e1ch Mezi takov\u00fd druh n\u00e1bytku se mohou bezpochyby po\u010d\u00edtat i sk\u0159\u00edn\u011b na m\u00edru Praha sten-skrine.cz, kter\u00e9 dok\u00e1\u017e\u00ed nav\u00fd\u0161it obytn\u00fd prostor opravdu podstatn\u00fdm zp\u016fsobem. Samoz\u0159ejm\u011b, \u017ee nem\u016f\u017eete \u010dekat z\u00e1zraky, ale kdy\u017e vym\u011bn\u00edte sv\u00e9 st\u00e1vaj\u00edc\u00ed sk\u0159\u00edn\u011b pr\u00e1v\u011b za tyto vestav\u011bn\u00e9 modely, p\u00e1r metr\u016f \u010dtvere\u010dn\u00edch se v\u00e1m ur\u010dit\u011b zp\u0159\u00edstupn\u00ed, a i kdy\u017e to st\u00e1le asi nebude to prav\u00e9 o\u0159echov\u00e9, rozhodn\u011b to m\u016f\u017ee pot\u011b\u0161it. Vzhledem k tomu, \u017ee se tak\u0159ka cel\u00fd n\u00e1bytek schov\u00e1v\u00e1 ve st\u011bn\u00e1ch, nijak nep\u0159ek\u00e1\u017e\u00ed, a to ani p\u0159i otev\u00edr\u00e1n\u00ed dve\u0159\u00ed, kter\u00e9 jsou v naprost\u00e9 v\u011bt\u0161in\u011b p\u0159\u00edpad\u016f zasouvac\u00ed a neotev\u00edraj\u00ed se sm\u011brem k sob\u011b, ale zleva doprava. Kvalita je na vysok\u00e9 \u00farovni Co se t\u00fd\u010de kvality samotn\u00fdch sk\u0159\u00edn\u00ed, ty jsou samoz\u0159ejm\u011b na vysok\u00e9 \u00farovni. N\u011bkdo by mohl nam\u00edtnout, \u017ee n\u00e1bytek, ze kter\u00e9ho norm\u00e1ln\u011b jdou vid\u011bt pouze dve\u0159e, p\u0159\u00edpadn\u011b police, kdy\u017e jsou dve\u0159e otev\u0159en\u00e9, nen\u00ed nezbytn\u00e9 vyr\u00e1b\u011bt z t\u011bch nejlep\u0161\u00edch materi\u00e1l\u016f, ale i kdy\u017e jsou sk\u0159\u00edn\u011b bezpe\u010dn\u011b ulo\u017eeny ve zdech, mohou i zde stejn\u011b jako venku podl\u00e9hat opot\u0159eben\u00ed a ch\u0159adnut\u00ed. Proto slu\u0161n\u00ed v\u00fdrobci pou\u017e\u00edvaj\u00ed pouze vhodn\u00e9 a trvanliv\u00e9 materi\u00e1ly, kter\u00e9 n\u011bco vydr\u017e\u00ed. Nemus\u00edte se tak b\u00e1t, \u017ee byste je museli po n\u011bkolika m\u00e1lo letech m\u011bnit za nov\u00e9. Mohou s trochou \u0161t\u011bst\u00ed vydr\u017eet fungovat i n\u011bkolik des\u00edtek let.                                                                                                                                                                                                                                                                                                                                                                                          4.5\/5 - (4 votes)        "},{"@context":"https:\/\/schema.org\/","@type":"BreadcrumbList","itemListElement":[{"@type":"ListItem","position":1,"name":"N\u00e1bytek ide\u00e1ln\u00ed do men\u0161\u00edch byt\u016f a domk\u016f","item":"https:\/\/www.eyha.cz\/nabytek-idealni-do-mensich-bytu-a-domku\/#breadcrumbitem"}]}]